{"id":1578,"date":"2019-01-08T21:32:48","date_gmt":"2019-01-08T21:32:48","guid":{"rendered":"http:\/\/bongasat.com.br\/jornalismo\/?p=1578"},"modified":"2019-01-08T21:33:38","modified_gmt":"2019-01-08T21:33:38","slug":"marcos-baumgart-e-kleber-cincea-ficam-com-o-quinto-lugar-entre-os-uvts","status":"publish","type":"post","link":"https:\/\/bongasat.com.br\/jornalismo\/marcos-baumgart-e-kleber-cincea-ficam-com-o-quinto-lugar-entre-os-uvts\/","title":{"rendered":"Marcos Baumgart e Kleber Cincea ficam com o quinto lugar entre os UVTs"},"content":{"rendered":"<p style=\"text-align: justify;\">O segundo dia de competi\u00e7\u00e3o j\u00e1 come\u00e7ou a mostrar as garras do Dakar. Em etapa de 342 quil\u00f4metros cronometrados de 553 entre Pisco e San Juan de Marcona, pilotos e navegadores voltaram a enfrentar as dunas peruanas em um dia j\u00e1 bastante longo. Dentro do X Rally Team, equipe brasileira que disputa seu primeiro Dakar, tranquilidade pelo fato de Marcos Baumgart e Kleber Cincea terem fechado a etapa em um excelente quinto lugar entre os UTVs; por outro, Cristian Baumgart e Beco Andreotti voltaram a sofrer com problemas el\u00e9tricos que os fizeram perder bastante tempo, finalizando o dia no 15\u00ba lugar.<\/p>\n<p style=\"text-align: justify;\">Os 311 quil\u00f4metros cronometrados \u2013 distribu\u00eddos em oito\u00a0<em>waypoints<\/em>\u00a0\u2013 foram completados por Marcos e Kleber no Can-Am 412 em 4h16min04s, apenas 6min17s atr\u00e1s da dupla chilena que venceu a etapa.<\/p>\n<p style=\"text-align: justify;\"><span style=\"color: #0000ff;\"><em>\u201cProva dura hoje, de navega\u00e7\u00e3o dif\u00edcil e muitas pedras no meio da areia. Viemos bem, em uma tocada boa, sem risco, sem tomar susto, e de certa forma vendo o que acontece neste ritmo acabamos nesta posi\u00e7\u00e3o, o que \u00e9 muito bom. A ideia \u00e9 se manter assim, entre os cinco, entre os dez. Ainda estamos aprendendo sobre os limites do equipamento, e o Dakar est\u00e1 s\u00f3 no come\u00e7o\u201d<\/em><\/span>, destacou Marcos, que at\u00e9 aqui tem cumprido com o objetivo de n\u00e3o sair do UTV uma vez que \u00e9 dada a largada. <span style=\"color: #0000ff;\"><em>\u201cNem para ir no banheiro\u201d<\/em><\/span>. O segredo, revela, \u00e9 o uso de fraldas geri\u00e1tricas durante a prova.<\/p>\n<p style=\"text-align: justify;\">Cristian e Beco, no 398, que tiveram de enfrentar contratempos com o sistema el\u00e9trico do UTV no primeiro dia, voltaram a ter de parar v\u00e1rias vezes para que o carro parasse de apagar. Terminaram o dia 40min15s atr\u00e1s dos vencedores da especial, em 15\u00ba lugar. Pelo menos, agora sabem a origem do problema.<\/p>\n<p style=\"text-align: justify;\"><span style=\"color: #0000ff;\"><em>\u201cParamos mais de 20 vezes durante o trecho. Primeiro foi para consertar a correia do motor que havia se soltado, e a\u00ed as panes el\u00e9tricas voltaram a acontecer. A\u00ed conseguimos achar uma posi\u00e7\u00e3o espec\u00edfica para prender o chicote para que o carro n\u00e3o apagasse e nos \u00faltimos 120 quil\u00f4metros seguimos sem problema nenhum. Agora sabemos o que fazer para sanar esta quest\u00e3o\u201d<\/em><\/span>, alivia-se Cristian Baumgart.<\/p>\n<p style=\"text-align: justify;\">O terceiro dia do Dakar se desenha com o mesmo grau de dificuldade desta ter\u00e7a-feira (8). A caravana da prova deixa San Juan de Marcona com destino a Arequipa, em uma dist\u00e2ncia total de quase 800 quil\u00f4metros (798), dos quais 331 valer\u00e3o para a cronometragem.<\/p>\n<p><strong>Resultado:<br \/>\n2\u00aa etapa: Pisco \u2013 San Juan de Marcona (342 km cronometrados)<br \/>\n<\/strong>5. Marcos Baumgart\/Kleber Cincea (Can-Am) \u2013 4h16min04s (6min17s do l\u00edder)<br \/>\n15. Cristian Baumgart\/Beco Andreotti (Can-Am) \u2013 4h50min02s (40min15s do l\u00edder)<\/p>\n<p><strong>Classifica\u00e7\u00e3o geral \u2013 UTVs:<br \/>\n<\/strong>6. Marcos Baumgart\/Kleber Cincea (Can-Am) \u2013 5h32min12s (10min53s do l\u00edder)<br \/>\n16. Cristian Baumgart\/Beco Andreotti (Can-Am) \u2013 6h10min41s (49min22s do l\u00edder)<\/p>\n<p><strong><u>O TRAJETO DO DAKAR 2019 NO PERU<br \/>\n<\/u><\/strong><br \/>\n07\/01 (seg): 1\u00aa Etapa: Lima &gt; Pisco<br \/>\n(Deslocamentos: 247 km; Especial: 84 km; Total; 331 km)<br \/>\n08\/01 (ter): 2\u00aa Etapa: Pisco &gt; San Juan de Marcona<br \/>\n(Deslocamentos: 211 km; Especial: 342 km; Total; 553 km)<strong><br \/>\n09\/01 (qua): 3\u00aa Etapa: San Juan de Marcona &gt; Arequipa<br \/>\n(Deslocamentos: 467 km; Especial: 331 km; Total; 798 km)<\/strong><br \/>\n<strong>10\/01 (qui): 4\u00aa Etapa:\u00a0<\/strong>Arequipa &gt; Tacna<br \/>\n(Deslocamentos: 313 km; Especial: 351 km; Total; 664 km)<br \/>\n<strong>11\/01 (sex): 5\u00aa Etapa:\u00a0<\/strong>Tacna &gt; Arequipa<br \/>\n(Deslocamentos: 264 km; Especial: 450 km; Total; 714 km)<br \/>\n<strong>12\/01 (sab): Dia de Descanso:\u00a0<\/strong>Arequipa<br \/>\n<strong>13\/01 (dom): 6\u00aa Etapa:\u00a0<\/strong>Arequipa &gt; San Juan de Marcona<br \/>\n(Deslocamentos: 520 km; Especial: 290 km; Total; 810 km)<br \/>\n<strong>14\/01 (seg): 7\u00aa Etapa:\u00a0<\/strong>San Juan de Marcona &gt; San Juan de Marcona<br \/>\n(Deslocamentos: 64 km; Especial: 323 km; Total; 387 km)<br \/>\n<strong>15\/01 (ter): 8\u00aa Etapa:\u00a0<\/strong>San Juan de Marcona &gt; Pisco<br \/>\n(Deslocamentos: 215 km; Especial: 360 km; Total; 575 km)<br \/>\n<strong>16\/01 (qua): 9\u00aa Etapa:\u00a0<\/strong>Pisco &gt; Pisco<br \/>\n(Deslocamentos: 96 km; Especial: 313 km; Total; 409 km)<br \/>\n<strong>17\/01 (qui): 10\u00aa Etapa:\u00a0<\/strong>Pisco &gt; Lima<br \/>\n(Deslocamentos: 247 km; Especial: 112 km; Total; 359 km)<br \/>\n<strong>TOTAL DE ESPECIAIS: 2.956 km<br \/>\nTOTAL DAKAR: 5.600 km<\/strong><\/p>\n","protected":false},"excerpt":{"rendered":"<p>O segundo dia de competi\u00e7\u00e3o j\u00e1 come\u00e7ou a mostrar as garras do Dakar. Em etapa de 342 quil\u00f4metros cronometrados de&hellip;<\/p>\n","protected":false},"author":1,"featured_media":1579,"comment_status":"open","ping_status":"open","sticky":false,"template":"","format":"standard","meta":{"footnotes":""},"categories":[113],"tags":[200],"class_list":["post-1578","post","type-post","status-publish","format-standard","has-post-thumbnail","hentry","category-esportes","tag-rally-dakar"],"yoast_head":"<!-- This site is optimized with the Yoast SEO Premium plugin v26.1 (Yoast SEO v26.2) - https:\/\/yoast.com\/wordpress\/plugins\/seo\/ -->\n<title>Marcos Baumgart e Kleber Cincea ficam com o quinto lugar entre os UVTs - Jornalismo Bongasat<\/title>\n<meta name=\"description\" content=\"dupla do 412 faz boa etapa; Cristian e Beco voltam a enfrentar problemas el\u00e9tricos, mas completam\" \/>\n<meta name=\"robots\" content=\"index, follow, max-snippet:-1, max-image-preview:large, max-video-preview:-1\" \/>\n<link rel=\"canonical\" href=\"https:\/\/bongasat.com.br\/jornalismo\/marcos-baumgart-e-kleber-cincea-ficam-com-o-quinto-lugar-entre-os-uvts\/\" \/>\n<meta property=\"og:locale\" content=\"pt_BR\" \/>\n<meta property=\"og:type\" content=\"article\" \/>\n<meta property=\"og:title\" content=\"Marcos Baumgart e Kleber Cincea ficam com o quinto lugar entre os UVTs\" \/>\n<meta property=\"og:description\" content=\"dupla do 412 faz boa etapa; Cristian e Beco voltam a enfrentar problemas el\u00e9tricos, mas completam\" \/>\n<meta property=\"og:url\" content=\"https:\/\/bongasat.com.br\/jornalismo\/marcos-baumgart-e-kleber-cincea-ficam-com-o-quinto-lugar-entre-os-uvts\/\" \/>\n<meta property=\"og:site_name\" content=\"Jornalismo Bongasat\" \/>\n<meta property=\"article:published_time\" content=\"2019-01-08T21:32:48+00:00\" \/>\n<meta property=\"article:modified_time\" content=\"2019-01-08T21:33:38+00:00\" \/>\n<meta property=\"og:image\" content=\"https:\/\/bongasat.com.br\/jornalismo\/wp-content\/uploads\/2019\/01\/Dakar.jpg\" \/>\n\t<meta property=\"og:image:width\" content=\"3000\" \/>\n\t<meta property=\"og:image:height\" content=\"2000\" \/>\n\t<meta property=\"og:image:type\" content=\"image\/jpeg\" \/>\n<meta name=\"author\" content=\"Fernando Rhenius\" \/>\n<meta name=\"twitter:card\" content=\"summary_large_image\" \/>\n<meta name=\"twitter:title\" content=\"Marcos Baumgart e Kleber Cincea ficam com o quinto lugar entre os UVTs\" \/>\n<meta name=\"twitter:creator\" content=\"@nandorhenius\" \/>\n<meta name=\"twitter:site\" content=\"@nandorhenius\" \/>\n<meta name=\"twitter:label1\" content=\"Escrito por\" \/>\n\t<meta name=\"twitter:data1\" content=\"Fernando Rhenius\" \/>\n\t<meta name=\"twitter:label2\" content=\"Est. tempo de leitura\" \/>\n\t<meta name=\"twitter:data2\" content=\"3 minutos\" \/>\n<script type=\"application\/ld+json\" class=\"yoast-schema-graph\">{\"@context\":\"https:\/\/schema.org\",\"@graph\":[{\"@type\":\"Article\",\"@id\":\"https:\/\/bongasat.com.br\/jornalismo\/marcos-baumgart-e-kleber-cincea-ficam-com-o-quinto-lugar-entre-os-uvts\/#article\",\"isPartOf\":{\"@id\":\"https:\/\/bongasat.com.br\/jornalismo\/marcos-baumgart-e-kleber-cincea-ficam-com-o-quinto-lugar-entre-os-uvts\/\"},\"author\":{\"name\":\"Fernando Rhenius\",\"@id\":\"https:\/\/bongasat.com.br\/jornalismo\/#\/schema\/person\/c953468e42f57e24e8cc97ffd58e9715\"},\"headline\":\"Marcos Baumgart e Kleber Cincea ficam com o quinto lugar entre os UVTs\",\"datePublished\":\"2019-01-08T21:32:48+00:00\",\"dateModified\":\"2019-01-08T21:33:38+00:00\",\"mainEntityOfPage\":{\"@id\":\"https:\/\/bongasat.com.br\/jornalismo\/marcos-baumgart-e-kleber-cincea-ficam-com-o-quinto-lugar-entre-os-uvts\/\"},\"wordCount\":638,\"commentCount\":0,\"publisher\":{\"@id\":\"https:\/\/bongasat.com.br\/jornalismo\/#organization\"},\"image\":{\"@id\":\"https:\/\/bongasat.com.br\/jornalismo\/marcos-baumgart-e-kleber-cincea-ficam-com-o-quinto-lugar-entre-os-uvts\/#primaryimage\"},\"thumbnailUrl\":\"https:\/\/bongasat.com.br\/jornalismo\/wp-content\/uploads\/2019\/01\/Dakar.jpg\",\"keywords\":[\"Rally Dakar\"],\"articleSection\":[\"Esportes\"],\"inLanguage\":\"pt-BR\",\"potentialAction\":[{\"@type\":\"CommentAction\",\"name\":\"Comment\",\"target\":[\"https:\/\/bongasat.com.br\/jornalismo\/marcos-baumgart-e-kleber-cincea-ficam-com-o-quinto-lugar-entre-os-uvts\/#respond\"]}]},{\"@type\":\"WebPage\",\"@id\":\"https:\/\/bongasat.com.br\/jornalismo\/marcos-baumgart-e-kleber-cincea-ficam-com-o-quinto-lugar-entre-os-uvts\/\",\"url\":\"https:\/\/bongasat.com.br\/jornalismo\/marcos-baumgart-e-kleber-cincea-ficam-com-o-quinto-lugar-entre-os-uvts\/\",\"name\":\"Marcos Baumgart e Kleber Cincea ficam com o quinto lugar entre os UVTs - Jornalismo Bongasat\",\"isPartOf\":{\"@id\":\"https:\/\/bongasat.com.br\/jornalismo\/#website\"},\"primaryImageOfPage\":{\"@id\":\"https:\/\/bongasat.com.br\/jornalismo\/marcos-baumgart-e-kleber-cincea-ficam-com-o-quinto-lugar-entre-os-uvts\/#primaryimage\"},\"image\":{\"@id\":\"https:\/\/bongasat.com.br\/jornalismo\/marcos-baumgart-e-kleber-cincea-ficam-com-o-quinto-lugar-entre-os-uvts\/#primaryimage\"},\"thumbnailUrl\":\"https:\/\/bongasat.com.br\/jornalismo\/wp-content\/uploads\/2019\/01\/Dakar.jpg\",\"datePublished\":\"2019-01-08T21:32:48+00:00\",\"dateModified\":\"2019-01-08T21:33:38+00:00\",\"description\":\"dupla do 412 faz boa etapa; Cristian e Beco voltam a enfrentar problemas el\u00e9tricos, mas completam\",\"breadcrumb\":{\"@id\":\"https:\/\/bongasat.com.br\/jornalismo\/marcos-baumgart-e-kleber-cincea-ficam-com-o-quinto-lugar-entre-os-uvts\/#breadcrumb\"},\"inLanguage\":\"pt-BR\",\"potentialAction\":[{\"@type\":\"ReadAction\",\"target\":[\"https:\/\/bongasat.com.br\/jornalismo\/marcos-baumgart-e-kleber-cincea-ficam-com-o-quinto-lugar-entre-os-uvts\/\"]}]},{\"@type\":\"ImageObject\",\"inLanguage\":\"pt-BR\",\"@id\":\"https:\/\/bongasat.com.br\/jornalismo\/marcos-baumgart-e-kleber-cincea-ficam-com-o-quinto-lugar-entre-os-uvts\/#primaryimage\",\"url\":\"https:\/\/bongasat.com.br\/jornalismo\/wp-content\/uploads\/2019\/01\/Dakar.jpg\",\"contentUrl\":\"https:\/\/bongasat.com.br\/jornalismo\/wp-content\/uploads\/2019\/01\/Dakar.jpg\",\"width\":3000,\"height\":2000,\"caption\":\"(Andr\u00e9 Chaco\/photosdakar.com)\"},{\"@type\":\"BreadcrumbList\",\"@id\":\"https:\/\/bongasat.com.br\/jornalismo\/marcos-baumgart-e-kleber-cincea-ficam-com-o-quinto-lugar-entre-os-uvts\/#breadcrumb\",\"itemListElement\":[{\"@type\":\"ListItem\",\"position\":1,\"name\":\"In\u00edcio\",\"item\":\"https:\/\/bongasat.com.br\/jornalismo\/\"},{\"@type\":\"ListItem\",\"position\":2,\"name\":\"Marcos Baumgart e Kleber Cincea ficam com o quinto lugar entre os UVTs\"}]},{\"@type\":\"WebSite\",\"@id\":\"https:\/\/bongasat.com.br\/jornalismo\/#website\",\"url\":\"https:\/\/bongasat.com.br\/jornalismo\/\",\"name\":\"Jornalismo Bongasat\",\"description\":\"\",\"publisher\":{\"@id\":\"https:\/\/bongasat.com.br\/jornalismo\/#organization\"},\"potentialAction\":[{\"@type\":\"SearchAction\",\"target\":{\"@type\":\"EntryPoint\",\"urlTemplate\":\"https:\/\/bongasat.com.br\/jornalismo\/?s={search_term_string}\"},\"query-input\":{\"@type\":\"PropertyValueSpecification\",\"valueRequired\":true,\"valueName\":\"search_term_string\"}}],\"inLanguage\":\"pt-BR\"},{\"@type\":\"Organization\",\"@id\":\"https:\/\/bongasat.com.br\/jornalismo\/#organization\",\"name\":\"Bongasat\",\"url\":\"https:\/\/bongasat.com.br\/jornalismo\/\",\"logo\":{\"@type\":\"ImageObject\",\"inLanguage\":\"pt-BR\",\"@id\":\"https:\/\/bongasat.com.br\/jornalismo\/#\/schema\/logo\/image\/\",\"url\":\"http:\/\/bongasat.com.br\/jornalismo\/wp-content\/uploads\/2021\/02\/LogoBongasat.png\",\"contentUrl\":\"http:\/\/bongasat.com.br\/jornalismo\/wp-content\/uploads\/2021\/02\/LogoBongasat.png\",\"width\":458,\"height\":196,\"caption\":\"Bongasat\"},\"image\":{\"@id\":\"https:\/\/bongasat.com.br\/jornalismo\/#\/schema\/logo\/image\/\"},\"sameAs\":[\"https:\/\/x.com\/nandorhenius\"]},{\"@type\":\"Person\",\"@id\":\"https:\/\/bongasat.com.br\/jornalismo\/#\/schema\/person\/c953468e42f57e24e8cc97ffd58e9715\",\"name\":\"Fernando Rhenius\",\"image\":{\"@type\":\"ImageObject\",\"inLanguage\":\"pt-BR\",\"@id\":\"https:\/\/bongasat.com.br\/jornalismo\/#\/schema\/person\/image\/\",\"url\":\"https:\/\/secure.gravatar.com\/avatar\/d2697117ac146e900771ad915a6c36971c8b13c29ca55fe54dfb16e8a7e66c21?s=96&d=mm&r=g\",\"contentUrl\":\"https:\/\/secure.gravatar.com\/avatar\/d2697117ac146e900771ad915a6c36971c8b13c29ca55fe54dfb16e8a7e66c21?s=96&d=mm&r=g\",\"caption\":\"Fernando Rhenius\"},\"description\":\"Jornalista MTb 6873\/SC, formado pela Universidade do Vale do Itaja\u00ed - Univali. Mantem o site Bongasat.com.br desde 2009 de forma independente. Acredita que a informa\u00e7\u00e3o, precisa ser divulgada de forma r\u00e1pida, para que o leitor possa criar seu ponto de vista, e fugir de \\\"especialistas\\\" que povoam a imprensa no pais.\",\"sameAs\":[\"http:\/\/jornalismo.bongasat.com.br\"]}]}<\/script>\n<!-- \/ Yoast SEO Premium plugin. -->","yoast_head_json":{"title":"Marcos Baumgart e Kleber Cincea ficam com o quinto lugar entre os UVTs - Jornalismo Bongasat","description":"dupla do 412 faz boa etapa; Cristian e Beco voltam a enfrentar problemas el\u00e9tricos, mas completam","robots":{"index":"index","follow":"follow","max-snippet":"max-snippet:-1","max-image-preview":"max-image-preview:large","max-video-preview":"max-video-preview:-1"},"canonical":"https:\/\/bongasat.com.br\/jornalismo\/marcos-baumgart-e-kleber-cincea-ficam-com-o-quinto-lugar-entre-os-uvts\/","og_locale":"pt_BR","og_type":"article","og_title":"Marcos Baumgart e Kleber Cincea ficam com o quinto lugar entre os UVTs","og_description":"dupla do 412 faz boa etapa; Cristian e Beco voltam a enfrentar problemas el\u00e9tricos, mas completam","og_url":"https:\/\/bongasat.com.br\/jornalismo\/marcos-baumgart-e-kleber-cincea-ficam-com-o-quinto-lugar-entre-os-uvts\/","og_site_name":"Jornalismo Bongasat","article_published_time":"2019-01-08T21:32:48+00:00","article_modified_time":"2019-01-08T21:33:38+00:00","og_image":[{"width":3000,"height":2000,"url":"https:\/\/bongasat.com.br\/jornalismo\/wp-content\/uploads\/2019\/01\/Dakar.jpg","type":"image\/jpeg"}],"author":"Fernando Rhenius","twitter_card":"summary_large_image","twitter_title":"Marcos Baumgart e Kleber Cincea ficam com o quinto lugar entre os UVTs","twitter_creator":"@nandorhenius","twitter_site":"@nandorhenius","twitter_misc":{"Escrito por":"Fernando Rhenius","Est. tempo de leitura":"3 minutos"},"schema":{"@context":"https:\/\/schema.org","@graph":[{"@type":"Article","@id":"https:\/\/bongasat.com.br\/jornalismo\/marcos-baumgart-e-kleber-cincea-ficam-com-o-quinto-lugar-entre-os-uvts\/#article","isPartOf":{"@id":"https:\/\/bongasat.com.br\/jornalismo\/marcos-baumgart-e-kleber-cincea-ficam-com-o-quinto-lugar-entre-os-uvts\/"},"author":{"name":"Fernando Rhenius","@id":"https:\/\/bongasat.com.br\/jornalismo\/#\/schema\/person\/c953468e42f57e24e8cc97ffd58e9715"},"headline":"Marcos Baumgart e Kleber Cincea ficam com o quinto lugar entre os UVTs","datePublished":"2019-01-08T21:32:48+00:00","dateModified":"2019-01-08T21:33:38+00:00","mainEntityOfPage":{"@id":"https:\/\/bongasat.com.br\/jornalismo\/marcos-baumgart-e-kleber-cincea-ficam-com-o-quinto-lugar-entre-os-uvts\/"},"wordCount":638,"commentCount":0,"publisher":{"@id":"https:\/\/bongasat.com.br\/jornalismo\/#organization"},"image":{"@id":"https:\/\/bongasat.com.br\/jornalismo\/marcos-baumgart-e-kleber-cincea-ficam-com-o-quinto-lugar-entre-os-uvts\/#primaryimage"},"thumbnailUrl":"https:\/\/bongasat.com.br\/jornalismo\/wp-content\/uploads\/2019\/01\/Dakar.jpg","keywords":["Rally Dakar"],"articleSection":["Esportes"],"inLanguage":"pt-BR","potentialAction":[{"@type":"CommentAction","name":"Comment","target":["https:\/\/bongasat.com.br\/jornalismo\/marcos-baumgart-e-kleber-cincea-ficam-com-o-quinto-lugar-entre-os-uvts\/#respond"]}]},{"@type":"WebPage","@id":"https:\/\/bongasat.com.br\/jornalismo\/marcos-baumgart-e-kleber-cincea-ficam-com-o-quinto-lugar-entre-os-uvts\/","url":"https:\/\/bongasat.com.br\/jornalismo\/marcos-baumgart-e-kleber-cincea-ficam-com-o-quinto-lugar-entre-os-uvts\/","name":"Marcos Baumgart e Kleber Cincea ficam com o quinto lugar entre os UVTs - Jornalismo Bongasat","isPartOf":{"@id":"https:\/\/bongasat.com.br\/jornalismo\/#website"},"primaryImageOfPage":{"@id":"https:\/\/bongasat.com.br\/jornalismo\/marcos-baumgart-e-kleber-cincea-ficam-com-o-quinto-lugar-entre-os-uvts\/#primaryimage"},"image":{"@id":"https:\/\/bongasat.com.br\/jornalismo\/marcos-baumgart-e-kleber-cincea-ficam-com-o-quinto-lugar-entre-os-uvts\/#primaryimage"},"thumbnailUrl":"https:\/\/bongasat.com.br\/jornalismo\/wp-content\/uploads\/2019\/01\/Dakar.jpg","datePublished":"2019-01-08T21:32:48+00:00","dateModified":"2019-01-08T21:33:38+00:00","description":"dupla do 412 faz boa etapa; Cristian e Beco voltam a enfrentar problemas el\u00e9tricos, mas completam","breadcrumb":{"@id":"https:\/\/bongasat.com.br\/jornalismo\/marcos-baumgart-e-kleber-cincea-ficam-com-o-quinto-lugar-entre-os-uvts\/#breadcrumb"},"inLanguage":"pt-BR","potentialAction":[{"@type":"ReadAction","target":["https:\/\/bongasat.com.br\/jornalismo\/marcos-baumgart-e-kleber-cincea-ficam-com-o-quinto-lugar-entre-os-uvts\/"]}]},{"@type":"ImageObject","inLanguage":"pt-BR","@id":"https:\/\/bongasat.com.br\/jornalismo\/marcos-baumgart-e-kleber-cincea-ficam-com-o-quinto-lugar-entre-os-uvts\/#primaryimage","url":"https:\/\/bongasat.com.br\/jornalismo\/wp-content\/uploads\/2019\/01\/Dakar.jpg","contentUrl":"https:\/\/bongasat.com.br\/jornalismo\/wp-content\/uploads\/2019\/01\/Dakar.jpg","width":3000,"height":2000,"caption":"(Andr\u00e9 Chaco\/photosdakar.com)"},{"@type":"BreadcrumbList","@id":"https:\/\/bongasat.com.br\/jornalismo\/marcos-baumgart-e-kleber-cincea-ficam-com-o-quinto-lugar-entre-os-uvts\/#breadcrumb","itemListElement":[{"@type":"ListItem","position":1,"name":"In\u00edcio","item":"https:\/\/bongasat.com.br\/jornalismo\/"},{"@type":"ListItem","position":2,"name":"Marcos Baumgart e Kleber Cincea ficam com o quinto lugar entre os UVTs"}]},{"@type":"WebSite","@id":"https:\/\/bongasat.com.br\/jornalismo\/#website","url":"https:\/\/bongasat.com.br\/jornalismo\/","name":"Jornalismo Bongasat","description":"","publisher":{"@id":"https:\/\/bongasat.com.br\/jornalismo\/#organization"},"potentialAction":[{"@type":"SearchAction","target":{"@type":"EntryPoint","urlTemplate":"https:\/\/bongasat.com.br\/jornalismo\/?s={search_term_string}"},"query-input":{"@type":"PropertyValueSpecification","valueRequired":true,"valueName":"search_term_string"}}],"inLanguage":"pt-BR"},{"@type":"Organization","@id":"https:\/\/bongasat.com.br\/jornalismo\/#organization","name":"Bongasat","url":"https:\/\/bongasat.com.br\/jornalismo\/","logo":{"@type":"ImageObject","inLanguage":"pt-BR","@id":"https:\/\/bongasat.com.br\/jornalismo\/#\/schema\/logo\/image\/","url":"http:\/\/bongasat.com.br\/jornalismo\/wp-content\/uploads\/2021\/02\/LogoBongasat.png","contentUrl":"http:\/\/bongasat.com.br\/jornalismo\/wp-content\/uploads\/2021\/02\/LogoBongasat.png","width":458,"height":196,"caption":"Bongasat"},"image":{"@id":"https:\/\/bongasat.com.br\/jornalismo\/#\/schema\/logo\/image\/"},"sameAs":["https:\/\/x.com\/nandorhenius"]},{"@type":"Person","@id":"https:\/\/bongasat.com.br\/jornalismo\/#\/schema\/person\/c953468e42f57e24e8cc97ffd58e9715","name":"Fernando Rhenius","image":{"@type":"ImageObject","inLanguage":"pt-BR","@id":"https:\/\/bongasat.com.br\/jornalismo\/#\/schema\/person\/image\/","url":"https:\/\/secure.gravatar.com\/avatar\/d2697117ac146e900771ad915a6c36971c8b13c29ca55fe54dfb16e8a7e66c21?s=96&d=mm&r=g","contentUrl":"https:\/\/secure.gravatar.com\/avatar\/d2697117ac146e900771ad915a6c36971c8b13c29ca55fe54dfb16e8a7e66c21?s=96&d=mm&r=g","caption":"Fernando Rhenius"},"description":"Jornalista MTb 6873\/SC, formado pela Universidade do Vale do Itaja\u00ed - Univali. Mantem o site Bongasat.com.br desde 2009 de forma independente. Acredita que a informa\u00e7\u00e3o, precisa ser divulgada de forma r\u00e1pida, para que o leitor possa criar seu ponto de vista, e fugir de \"especialistas\" que povoam a imprensa no pais.","sameAs":["http:\/\/jornalismo.bongasat.com.br"]}]}},"wps_subtitle":"Sem sair do UTV ap\u00f3s a largada - o principal objetivo dos Baumgart - dupla do 412 faz boa etapa; Cristian e Beco voltam a enfrentar problemas el\u00e9tricos, mas completam","amp_enabled":true,"_links":{"self":[{"href":"https:\/\/bongasat.com.br\/jornalismo\/wp-json\/wp\/v2\/posts\/1578","targetHints":{"allow":["GET"]}}],"collection":[{"href":"https:\/\/bongasat.com.br\/jornalismo\/wp-json\/wp\/v2\/posts"}],"about":[{"href":"https:\/\/bongasat.com.br\/jornalismo\/wp-json\/wp\/v2\/types\/post"}],"author":[{"embeddable":true,"href":"https:\/\/bongasat.com.br\/jornalismo\/wp-json\/wp\/v2\/users\/1"}],"replies":[{"embeddable":true,"href":"https:\/\/bongasat.com.br\/jornalismo\/wp-json\/wp\/v2\/comments?post=1578"}],"version-history":[{"count":2,"href":"https:\/\/bongasat.com.br\/jornalismo\/wp-json\/wp\/v2\/posts\/1578\/revisions"}],"predecessor-version":[{"id":1581,"href":"https:\/\/bongasat.com.br\/jornalismo\/wp-json\/wp\/v2\/posts\/1578\/revisions\/1581"}],"wp:featuredmedia":[{"embeddable":true,"href":"https:\/\/bongasat.com.br\/jornalismo\/wp-json\/wp\/v2\/media\/1579"}],"wp:attachment":[{"href":"https:\/\/bongasat.com.br\/jornalismo\/wp-json\/wp\/v2\/media?parent=1578"}],"wp:term":[{"taxonomy":"category","embeddable":true,"href":"https:\/\/bongasat.com.br\/jornalismo\/wp-json\/wp\/v2\/categories?post=1578"},{"taxonomy":"post_tag","embeddable":true,"href":"https:\/\/bongasat.com.br\/jornalismo\/wp-json\/wp\/v2\/tags?post=1578"}],"curies":[{"name":"wp","href":"https:\/\/api.w.org\/{rel}","templated":true}]}}