{"id":1460,"date":"2018-11-06T18:42:10","date_gmt":"2018-11-06T18:42:10","guid":{"rendered":"http:\/\/bongasat.com.br\/jornalismo\/?p=1460"},"modified":"2018-11-06T18:42:24","modified_gmt":"2018-11-06T18:42:24","slug":"cimed-racing-e-destaque-no-salao-do-automovel","status":"publish","type":"post","link":"https:\/\/bongasat.com.br\/jornalismo\/cimed-racing-e-destaque-no-salao-do-automovel\/","title":{"rendered":"Cimed Racing \u00e9 destaque no Sal\u00e3o do Autom\u00f3vel"},"content":{"rendered":"<p>O Sal\u00e3o do Autom\u00f3vel ter\u00e1 in\u00edcio nesta quarta-feira em S\u00e3o Paulo e um dos destaques desta edi\u00e7\u00e3o ser\u00e3o os carros de Stock Car da Cimed Chevrolet Racing, equipe bicampe\u00e3 da categoria nas temporadas 2015 e 2016. O time ter\u00e1 dois carros sendo expostos, o primeiro no estande da Chevrolet e o segundo no estande da Lubrax, linha de lubrificantes mais vendida no Pa\u00eds.<\/p>\n<p>&#8220;Estamos muito felizes de recebermos os convites da Lubrax e da Chevrolet para expormos as nossas m\u00e1quinas no Sal\u00e3o do Autom\u00f3vel. \u00c9 um oportunidade \u00fanica para os f\u00e3s se aproximarem da principal categoria do automobilismo brasileiro, al\u00e9m de trazermos um novo p\u00fablico, o f\u00e3 de autom\u00f3veis, para mais perto da Stock Car&#8221;, diz Jo\u00e3o Adibe, que \u00e9 presidente do Grupo Cimed.<\/p>\n<p>O carro do estande da Lubrax ter\u00e1 o n\u00famero 19 e o nome grafado de Felipe Massa, piloto que fez duas participa\u00e7\u00f5es especiais com a equipe neste ano. Primeiro, o ex-F1 esteve na Corrida de Duplas ao lado de Cac\u00e1 Bueno em Interlagos e, depois, na Corrida do Milh\u00e3o em Goi\u00e2nia, onde usou exatamente o n\u00famero 19 com a cores da Cimed Racing e o patroc\u00ednio da Lubrax.<\/p>\n<p>No estande da Chevrolet, o carro ter\u00e1 o n\u00famero 40, referente aos 40 anos da cria\u00e7\u00e3o do Grupo Cimed. Parceira e montadora oficial de todas as equipes de Stock Car na atualidade, a Chevrolet ampliou suas a\u00e7\u00f5es de marketing e de relacionamento na categoria justamente com a Cimed Racing em 2019. A montadora, inclusive, est\u00e1 presente na Stock Car desde a cria\u00e7\u00e3o da competi\u00e7\u00e3o, em 1979.<\/p>\n<p>O Sal\u00e3o do Autom\u00f3vel estar\u00e1 aberto ao p\u00fablico entre os dias 8 e 18 de novembro no S\u00e3o Paulo Exo, localizado no km 1,5 da Rodovia dos Imigrantes. Quatro pilotos da Cimed Racing j\u00e1 confirmaram participa\u00e7\u00f5es em sess\u00f5es de fotos e aut\u00f3grafos.<\/p>\n<p><strong>Confira abaixo os dias em que pilotos estar\u00e3o no estande da Chevrolet:<\/strong><\/p>\n<p><strong>Hor\u00e1rio: sempre das 16h \u00e0s 17h<\/strong><\/p>\n<p>09\/11 (sexta) &#8211; Denis Navarro<\/p>\n<p>10\/11 (s\u00e1bado) &#8211; Lucas Foresti<\/p>\n<p>11\/11 (domingo) &#8211; Denis Navarro<\/p>\n<p>12\/11 (segunda) &#8211; Felipe Fraga<\/p>\n<p>13\/11 (ter\u00e7a) &#8211; Felipe Fraga\/ Marcos Gomes<\/p>\n<p>14\/11 (quarta) &#8211; Marcos Gomes<\/p>\n","protected":false},"excerpt":{"rendered":"<p>O Sal\u00e3o do Autom\u00f3vel ter\u00e1 in\u00edcio nesta quarta-feira em S\u00e3o Paulo e um dos destaques desta edi\u00e7\u00e3o ser\u00e3o os carros&hellip;<\/p>\n","protected":false},"author":1,"featured_media":1461,"comment_status":"open","ping_status":"open","sticky":false,"template":"","format":"standard","meta":{"footnotes":""},"categories":[113],"tags":[189,132],"class_list":["post-1460","post","type-post","status-publish","format-standard","has-post-thumbnail","hentry","category-esportes","tag-cimed-racig","tag-stock-car"],"yoast_head":"<!-- This site is optimized with the Yoast SEO Premium plugin v26.1 (Yoast SEO v26.2) - https:\/\/yoast.com\/wordpress\/plugins\/seo\/ -->\n<title>Cimed Racing \u00e9 destaque no Sal\u00e3o do Autom\u00f3vel - Jornalismo Bongasat<\/title>\n<meta name=\"robots\" content=\"index, follow, max-snippet:-1, max-image-preview:large, max-video-preview:-1\" \/>\n<link rel=\"canonical\" href=\"https:\/\/bongasat.com.br\/jornalismo\/cimed-racing-e-destaque-no-salao-do-automovel\/\" \/>\n<meta property=\"og:locale\" content=\"pt_BR\" \/>\n<meta property=\"og:type\" content=\"article\" \/>\n<meta property=\"og:title\" content=\"Cimed Racing \u00e9 destaque no Sal\u00e3o do Autom\u00f3vel\" \/>\n<meta property=\"og:description\" content=\"O Sal\u00e3o do Autom\u00f3vel ter\u00e1 in\u00edcio nesta quarta-feira em S\u00e3o Paulo e um dos destaques desta edi\u00e7\u00e3o ser\u00e3o os carros&hellip;\" \/>\n<meta property=\"og:url\" content=\"https:\/\/bongasat.com.br\/jornalismo\/cimed-racing-e-destaque-no-salao-do-automovel\/\" \/>\n<meta property=\"og:site_name\" content=\"Jornalismo Bongasat\" \/>\n<meta property=\"article:published_time\" content=\"2018-11-06T18:42:10+00:00\" \/>\n<meta property=\"article:modified_time\" content=\"2018-11-06T18:42:24+00:00\" \/>\n<meta property=\"og:image\" content=\"https:\/\/bongasat.com.br\/jornalismo\/wp-content\/uploads\/2018\/11\/349943_840547_whatsapp_image_2018_11_06_at_13.35.29-e1541529598909.jpeg\" \/>\n\t<meta property=\"og:image:width\" content=\"800\" \/>\n\t<meta property=\"og:image:height\" content=\"600\" \/>\n\t<meta property=\"og:image:type\" content=\"image\/jpeg\" \/>\n<meta name=\"author\" content=\"Fernando Rhenius\" \/>\n<meta name=\"twitter:card\" content=\"summary_large_image\" \/>\n<meta name=\"twitter:creator\" content=\"@nandorhenius\" \/>\n<meta name=\"twitter:site\" content=\"@nandorhenius\" \/>\n<meta name=\"twitter:label1\" content=\"Escrito por\" \/>\n\t<meta name=\"twitter:data1\" content=\"Fernando Rhenius\" \/>\n\t<meta name=\"twitter:label2\" content=\"Est. tempo de leitura\" \/>\n\t<meta name=\"twitter:data2\" content=\"2 minutos\" \/>\n<script type=\"application\/ld+json\" class=\"yoast-schema-graph\">{\"@context\":\"https:\/\/schema.org\",\"@graph\":[{\"@type\":\"Article\",\"@id\":\"https:\/\/bongasat.com.br\/jornalismo\/cimed-racing-e-destaque-no-salao-do-automovel\/#article\",\"isPartOf\":{\"@id\":\"https:\/\/bongasat.com.br\/jornalismo\/cimed-racing-e-destaque-no-salao-do-automovel\/\"},\"author\":{\"name\":\"Fernando Rhenius\",\"@id\":\"https:\/\/bongasat.com.br\/jornalismo\/#\/schema\/person\/c953468e42f57e24e8cc97ffd58e9715\"},\"headline\":\"Cimed Racing \u00e9 destaque no Sal\u00e3o do Autom\u00f3vel\",\"datePublished\":\"2018-11-06T18:42:10+00:00\",\"dateModified\":\"2018-11-06T18:42:24+00:00\",\"mainEntityOfPage\":{\"@id\":\"https:\/\/bongasat.com.br\/jornalismo\/cimed-racing-e-destaque-no-salao-do-automovel\/\"},\"wordCount\":377,\"commentCount\":0,\"publisher\":{\"@id\":\"https:\/\/bongasat.com.br\/jornalismo\/#organization\"},\"image\":{\"@id\":\"https:\/\/bongasat.com.br\/jornalismo\/cimed-racing-e-destaque-no-salao-do-automovel\/#primaryimage\"},\"thumbnailUrl\":\"https:\/\/bongasat.com.br\/jornalismo\/wp-content\/uploads\/2018\/11\/349943_840547_whatsapp_image_2018_11_06_at_13.35.29-e1541529598909.jpeg\",\"keywords\":[\"Cimed Racig\",\"Stock Car\"],\"articleSection\":[\"Esportes\"],\"inLanguage\":\"pt-BR\",\"potentialAction\":[{\"@type\":\"CommentAction\",\"name\":\"Comment\",\"target\":[\"https:\/\/bongasat.com.br\/jornalismo\/cimed-racing-e-destaque-no-salao-do-automovel\/#respond\"]}]},{\"@type\":\"WebPage\",\"@id\":\"https:\/\/bongasat.com.br\/jornalismo\/cimed-racing-e-destaque-no-salao-do-automovel\/\",\"url\":\"https:\/\/bongasat.com.br\/jornalismo\/cimed-racing-e-destaque-no-salao-do-automovel\/\",\"name\":\"Cimed Racing \u00e9 destaque no Sal\u00e3o do Autom\u00f3vel - Jornalismo Bongasat\",\"isPartOf\":{\"@id\":\"https:\/\/bongasat.com.br\/jornalismo\/#website\"},\"primaryImageOfPage\":{\"@id\":\"https:\/\/bongasat.com.br\/jornalismo\/cimed-racing-e-destaque-no-salao-do-automovel\/#primaryimage\"},\"image\":{\"@id\":\"https:\/\/bongasat.com.br\/jornalismo\/cimed-racing-e-destaque-no-salao-do-automovel\/#primaryimage\"},\"thumbnailUrl\":\"https:\/\/bongasat.com.br\/jornalismo\/wp-content\/uploads\/2018\/11\/349943_840547_whatsapp_image_2018_11_06_at_13.35.29-e1541529598909.jpeg\",\"datePublished\":\"2018-11-06T18:42:10+00:00\",\"dateModified\":\"2018-11-06T18:42:24+00:00\",\"breadcrumb\":{\"@id\":\"https:\/\/bongasat.com.br\/jornalismo\/cimed-racing-e-destaque-no-salao-do-automovel\/#breadcrumb\"},\"inLanguage\":\"pt-BR\",\"potentialAction\":[{\"@type\":\"ReadAction\",\"target\":[\"https:\/\/bongasat.com.br\/jornalismo\/cimed-racing-e-destaque-no-salao-do-automovel\/\"]}]},{\"@type\":\"ImageObject\",\"inLanguage\":\"pt-BR\",\"@id\":\"https:\/\/bongasat.com.br\/jornalismo\/cimed-racing-e-destaque-no-salao-do-automovel\/#primaryimage\",\"url\":\"https:\/\/bongasat.com.br\/jornalismo\/wp-content\/uploads\/2018\/11\/349943_840547_whatsapp_image_2018_11_06_at_13.35.29-e1541529598909.jpeg\",\"contentUrl\":\"https:\/\/bongasat.com.br\/jornalismo\/wp-content\/uploads\/2018\/11\/349943_840547_whatsapp_image_2018_11_06_at_13.35.29-e1541529598909.jpeg\",\"width\":800,\"height\":600},{\"@type\":\"BreadcrumbList\",\"@id\":\"https:\/\/bongasat.com.br\/jornalismo\/cimed-racing-e-destaque-no-salao-do-automovel\/#breadcrumb\",\"itemListElement\":[{\"@type\":\"ListItem\",\"position\":1,\"name\":\"In\u00edcio\",\"item\":\"https:\/\/bongasat.com.br\/jornalismo\/\"},{\"@type\":\"ListItem\",\"position\":2,\"name\":\"Cimed Racing \u00e9 destaque no Sal\u00e3o do Autom\u00f3vel\"}]},{\"@type\":\"WebSite\",\"@id\":\"https:\/\/bongasat.com.br\/jornalismo\/#website\",\"url\":\"https:\/\/bongasat.com.br\/jornalismo\/\",\"name\":\"Jornalismo Bongasat\",\"description\":\"\",\"publisher\":{\"@id\":\"https:\/\/bongasat.com.br\/jornalismo\/#organization\"},\"potentialAction\":[{\"@type\":\"SearchAction\",\"target\":{\"@type\":\"EntryPoint\",\"urlTemplate\":\"https:\/\/bongasat.com.br\/jornalismo\/?s={search_term_string}\"},\"query-input\":{\"@type\":\"PropertyValueSpecification\",\"valueRequired\":true,\"valueName\":\"search_term_string\"}}],\"inLanguage\":\"pt-BR\"},{\"@type\":\"Organization\",\"@id\":\"https:\/\/bongasat.com.br\/jornalismo\/#organization\",\"name\":\"Bongasat\",\"url\":\"https:\/\/bongasat.com.br\/jornalismo\/\",\"logo\":{\"@type\":\"ImageObject\",\"inLanguage\":\"pt-BR\",\"@id\":\"https:\/\/bongasat.com.br\/jornalismo\/#\/schema\/logo\/image\/\",\"url\":\"http:\/\/bongasat.com.br\/jornalismo\/wp-content\/uploads\/2021\/02\/LogoBongasat.png\",\"contentUrl\":\"http:\/\/bongasat.com.br\/jornalismo\/wp-content\/uploads\/2021\/02\/LogoBongasat.png\",\"width\":458,\"height\":196,\"caption\":\"Bongasat\"},\"image\":{\"@id\":\"https:\/\/bongasat.com.br\/jornalismo\/#\/schema\/logo\/image\/\"},\"sameAs\":[\"https:\/\/x.com\/nandorhenius\"]},{\"@type\":\"Person\",\"@id\":\"https:\/\/bongasat.com.br\/jornalismo\/#\/schema\/person\/c953468e42f57e24e8cc97ffd58e9715\",\"name\":\"Fernando Rhenius\",\"image\":{\"@type\":\"ImageObject\",\"inLanguage\":\"pt-BR\",\"@id\":\"https:\/\/bongasat.com.br\/jornalismo\/#\/schema\/person\/image\/\",\"url\":\"https:\/\/secure.gravatar.com\/avatar\/d2697117ac146e900771ad915a6c36971c8b13c29ca55fe54dfb16e8a7e66c21?s=96&d=mm&r=g\",\"contentUrl\":\"https:\/\/secure.gravatar.com\/avatar\/d2697117ac146e900771ad915a6c36971c8b13c29ca55fe54dfb16e8a7e66c21?s=96&d=mm&r=g\",\"caption\":\"Fernando Rhenius\"},\"description\":\"Jornalista MTb 6873\/SC, formado pela Universidade do Vale do Itaja\u00ed - Univali. Mantem o site Bongasat.com.br desde 2009 de forma independente. Acredita que a informa\u00e7\u00e3o, precisa ser divulgada de forma r\u00e1pida, para que o leitor possa criar seu ponto de vista, e fugir de \\\"especialistas\\\" que povoam a imprensa no pais.\",\"sameAs\":[\"http:\/\/jornalismo.bongasat.com.br\"]}]}<\/script>\n<!-- \/ Yoast SEO Premium plugin. -->","yoast_head_json":{"title":"Cimed Racing \u00e9 destaque no Sal\u00e3o do Autom\u00f3vel - Jornalismo Bongasat","robots":{"index":"index","follow":"follow","max-snippet":"max-snippet:-1","max-image-preview":"max-image-preview:large","max-video-preview":"max-video-preview:-1"},"canonical":"https:\/\/bongasat.com.br\/jornalismo\/cimed-racing-e-destaque-no-salao-do-automovel\/","og_locale":"pt_BR","og_type":"article","og_title":"Cimed Racing \u00e9 destaque no Sal\u00e3o do Autom\u00f3vel","og_description":"O Sal\u00e3o do Autom\u00f3vel ter\u00e1 in\u00edcio nesta quarta-feira em S\u00e3o Paulo e um dos destaques desta edi\u00e7\u00e3o ser\u00e3o os carros&hellip;","og_url":"https:\/\/bongasat.com.br\/jornalismo\/cimed-racing-e-destaque-no-salao-do-automovel\/","og_site_name":"Jornalismo Bongasat","article_published_time":"2018-11-06T18:42:10+00:00","article_modified_time":"2018-11-06T18:42:24+00:00","og_image":[{"width":800,"height":600,"url":"https:\/\/bongasat.com.br\/jornalismo\/wp-content\/uploads\/2018\/11\/349943_840547_whatsapp_image_2018_11_06_at_13.35.29-e1541529598909.jpeg","type":"image\/jpeg"}],"author":"Fernando Rhenius","twitter_card":"summary_large_image","twitter_creator":"@nandorhenius","twitter_site":"@nandorhenius","twitter_misc":{"Escrito por":"Fernando Rhenius","Est. tempo de leitura":"2 minutos"},"schema":{"@context":"https:\/\/schema.org","@graph":[{"@type":"Article","@id":"https:\/\/bongasat.com.br\/jornalismo\/cimed-racing-e-destaque-no-salao-do-automovel\/#article","isPartOf":{"@id":"https:\/\/bongasat.com.br\/jornalismo\/cimed-racing-e-destaque-no-salao-do-automovel\/"},"author":{"name":"Fernando Rhenius","@id":"https:\/\/bongasat.com.br\/jornalismo\/#\/schema\/person\/c953468e42f57e24e8cc97ffd58e9715"},"headline":"Cimed Racing \u00e9 destaque no Sal\u00e3o do Autom\u00f3vel","datePublished":"2018-11-06T18:42:10+00:00","dateModified":"2018-11-06T18:42:24+00:00","mainEntityOfPage":{"@id":"https:\/\/bongasat.com.br\/jornalismo\/cimed-racing-e-destaque-no-salao-do-automovel\/"},"wordCount":377,"commentCount":0,"publisher":{"@id":"https:\/\/bongasat.com.br\/jornalismo\/#organization"},"image":{"@id":"https:\/\/bongasat.com.br\/jornalismo\/cimed-racing-e-destaque-no-salao-do-automovel\/#primaryimage"},"thumbnailUrl":"https:\/\/bongasat.com.br\/jornalismo\/wp-content\/uploads\/2018\/11\/349943_840547_whatsapp_image_2018_11_06_at_13.35.29-e1541529598909.jpeg","keywords":["Cimed Racig","Stock Car"],"articleSection":["Esportes"],"inLanguage":"pt-BR","potentialAction":[{"@type":"CommentAction","name":"Comment","target":["https:\/\/bongasat.com.br\/jornalismo\/cimed-racing-e-destaque-no-salao-do-automovel\/#respond"]}]},{"@type":"WebPage","@id":"https:\/\/bongasat.com.br\/jornalismo\/cimed-racing-e-destaque-no-salao-do-automovel\/","url":"https:\/\/bongasat.com.br\/jornalismo\/cimed-racing-e-destaque-no-salao-do-automovel\/","name":"Cimed Racing \u00e9 destaque no Sal\u00e3o do Autom\u00f3vel - Jornalismo Bongasat","isPartOf":{"@id":"https:\/\/bongasat.com.br\/jornalismo\/#website"},"primaryImageOfPage":{"@id":"https:\/\/bongasat.com.br\/jornalismo\/cimed-racing-e-destaque-no-salao-do-automovel\/#primaryimage"},"image":{"@id":"https:\/\/bongasat.com.br\/jornalismo\/cimed-racing-e-destaque-no-salao-do-automovel\/#primaryimage"},"thumbnailUrl":"https:\/\/bongasat.com.br\/jornalismo\/wp-content\/uploads\/2018\/11\/349943_840547_whatsapp_image_2018_11_06_at_13.35.29-e1541529598909.jpeg","datePublished":"2018-11-06T18:42:10+00:00","dateModified":"2018-11-06T18:42:24+00:00","breadcrumb":{"@id":"https:\/\/bongasat.com.br\/jornalismo\/cimed-racing-e-destaque-no-salao-do-automovel\/#breadcrumb"},"inLanguage":"pt-BR","potentialAction":[{"@type":"ReadAction","target":["https:\/\/bongasat.com.br\/jornalismo\/cimed-racing-e-destaque-no-salao-do-automovel\/"]}]},{"@type":"ImageObject","inLanguage":"pt-BR","@id":"https:\/\/bongasat.com.br\/jornalismo\/cimed-racing-e-destaque-no-salao-do-automovel\/#primaryimage","url":"https:\/\/bongasat.com.br\/jornalismo\/wp-content\/uploads\/2018\/11\/349943_840547_whatsapp_image_2018_11_06_at_13.35.29-e1541529598909.jpeg","contentUrl":"https:\/\/bongasat.com.br\/jornalismo\/wp-content\/uploads\/2018\/11\/349943_840547_whatsapp_image_2018_11_06_at_13.35.29-e1541529598909.jpeg","width":800,"height":600},{"@type":"BreadcrumbList","@id":"https:\/\/bongasat.com.br\/jornalismo\/cimed-racing-e-destaque-no-salao-do-automovel\/#breadcrumb","itemListElement":[{"@type":"ListItem","position":1,"name":"In\u00edcio","item":"https:\/\/bongasat.com.br\/jornalismo\/"},{"@type":"ListItem","position":2,"name":"Cimed Racing \u00e9 destaque no Sal\u00e3o do Autom\u00f3vel"}]},{"@type":"WebSite","@id":"https:\/\/bongasat.com.br\/jornalismo\/#website","url":"https:\/\/bongasat.com.br\/jornalismo\/","name":"Jornalismo Bongasat","description":"","publisher":{"@id":"https:\/\/bongasat.com.br\/jornalismo\/#organization"},"potentialAction":[{"@type":"SearchAction","target":{"@type":"EntryPoint","urlTemplate":"https:\/\/bongasat.com.br\/jornalismo\/?s={search_term_string}"},"query-input":{"@type":"PropertyValueSpecification","valueRequired":true,"valueName":"search_term_string"}}],"inLanguage":"pt-BR"},{"@type":"Organization","@id":"https:\/\/bongasat.com.br\/jornalismo\/#organization","name":"Bongasat","url":"https:\/\/bongasat.com.br\/jornalismo\/","logo":{"@type":"ImageObject","inLanguage":"pt-BR","@id":"https:\/\/bongasat.com.br\/jornalismo\/#\/schema\/logo\/image\/","url":"http:\/\/bongasat.com.br\/jornalismo\/wp-content\/uploads\/2021\/02\/LogoBongasat.png","contentUrl":"http:\/\/bongasat.com.br\/jornalismo\/wp-content\/uploads\/2021\/02\/LogoBongasat.png","width":458,"height":196,"caption":"Bongasat"},"image":{"@id":"https:\/\/bongasat.com.br\/jornalismo\/#\/schema\/logo\/image\/"},"sameAs":["https:\/\/x.com\/nandorhenius"]},{"@type":"Person","@id":"https:\/\/bongasat.com.br\/jornalismo\/#\/schema\/person\/c953468e42f57e24e8cc97ffd58e9715","name":"Fernando Rhenius","image":{"@type":"ImageObject","inLanguage":"pt-BR","@id":"https:\/\/bongasat.com.br\/jornalismo\/#\/schema\/person\/image\/","url":"https:\/\/secure.gravatar.com\/avatar\/d2697117ac146e900771ad915a6c36971c8b13c29ca55fe54dfb16e8a7e66c21?s=96&d=mm&r=g","contentUrl":"https:\/\/secure.gravatar.com\/avatar\/d2697117ac146e900771ad915a6c36971c8b13c29ca55fe54dfb16e8a7e66c21?s=96&d=mm&r=g","caption":"Fernando Rhenius"},"description":"Jornalista MTb 6873\/SC, formado pela Universidade do Vale do Itaja\u00ed - Univali. Mantem o site Bongasat.com.br desde 2009 de forma independente. Acredita que a informa\u00e7\u00e3o, precisa ser divulgada de forma r\u00e1pida, para que o leitor possa criar seu ponto de vista, e fugir de \"especialistas\" que povoam a imprensa no pais.","sameAs":["http:\/\/jornalismo.bongasat.com.br"]}]}},"wps_subtitle":"","amp_enabled":true,"_links":{"self":[{"href":"https:\/\/bongasat.com.br\/jornalismo\/wp-json\/wp\/v2\/posts\/1460","targetHints":{"allow":["GET"]}}],"collection":[{"href":"https:\/\/bongasat.com.br\/jornalismo\/wp-json\/wp\/v2\/posts"}],"about":[{"href":"https:\/\/bongasat.com.br\/jornalismo\/wp-json\/wp\/v2\/types\/post"}],"author":[{"embeddable":true,"href":"https:\/\/bongasat.com.br\/jornalismo\/wp-json\/wp\/v2\/users\/1"}],"replies":[{"embeddable":true,"href":"https:\/\/bongasat.com.br\/jornalismo\/wp-json\/wp\/v2\/comments?post=1460"}],"version-history":[{"count":2,"href":"https:\/\/bongasat.com.br\/jornalismo\/wp-json\/wp\/v2\/posts\/1460\/revisions"}],"predecessor-version":[{"id":1463,"href":"https:\/\/bongasat.com.br\/jornalismo\/wp-json\/wp\/v2\/posts\/1460\/revisions\/1463"}],"wp:featuredmedia":[{"embeddable":true,"href":"https:\/\/bongasat.com.br\/jornalismo\/wp-json\/wp\/v2\/media\/1461"}],"wp:attachment":[{"href":"https:\/\/bongasat.com.br\/jornalismo\/wp-json\/wp\/v2\/media?parent=1460"}],"wp:term":[{"taxonomy":"category","embeddable":true,"href":"https:\/\/bongasat.com.br\/jornalismo\/wp-json\/wp\/v2\/categories?post=1460"},{"taxonomy":"post_tag","embeddable":true,"href":"https:\/\/bongasat.com.br\/jornalismo\/wp-json\/wp\/v2\/tags?post=1460"}],"curies":[{"name":"wp","href":"https:\/\/api.w.org\/{rel}","templated":true}]}}